{"id":3303,"date":"2022-12-12T12:40:46","date_gmt":"2022-12-12T12:40:46","guid":{"rendered":"https:\/\/staging.slusniaparati-beltone.si\/?p=3303"},"modified":"2023-04-04T11:00:09","modified_gmt":"2023-04-04T11:00:09","slug":"i-portatori-di-apparecchi-acustici-sono-piu-felici-e-piu-sani","status":"publish","type":"post","link":"https:\/\/slusniaparati-beltone.si\/it\/i-portatori-di-apparecchi-acustici-sono-piu-felici-e-piu-sani\/","title":{"rendered":"I portatori di apparecchi acustici sono pi\u00f9 felici e pi\u00f9 sani"},"content":{"rendered":"<h4><em>Crediamo che affrontare la perdita uditiva sia un lavoro di squadra. Per questo vogliamo supportarti in questo percorso stressante e impegnativo. Se sospetti o ti \u00e8 stata diagnosticata una perdita uditiva, la buona notizia \u00e8 che Beltone \u00e8 qui per sostenerti nel tuo viaggio verso un udito migliore.<\/em><\/h4>\n<p>Sentire cosa viene detto e cosa succede intorno a noi, di questi tempi, \u00e8 pi\u00f9 importante che mai. Se anche tu, come milioni di altre persone, soffri di un certo grado di perdita uditiva, ha accentuato tue difficolt\u00e0. E alla Beltone lo sappiamo bene. Ma ricorda, non sei solo.<\/p>\n<h2><\/h2>\n<h2><strong>Apparecchi acustici migliorano la qualit\u00e0 della vita delle persone con problemi di udito<\/strong><\/h2>\n<p>Gli apparecchi acustici possono fare una grande differenza, soprattutto se i dispositivi di cui ti sei dotato sono quelli giusti e se hai a disposizione il giusto supporto per regolarli come necessario. Anche se gli apparecchi acustici non possono curare la perdita uditiva, possono evitare che questa peggiori e migliorare la qualit\u00e0 dell&#8217;udito.<\/p>\n<p>E soprattutto, la scienza ha dimostrato che gli <strong>apparecchi acustici migliorano significativamente la qualit\u00e0 della vita delle persone con problemi di udito.<\/strong> Secondo il <strong><em>Better Hearing Institute<\/em><\/strong>, <strong>otto su 10 portatori di apparecchi acustici si dicono soddisfatti dei cambiamenti avvenuti nella loro vita proprio grazie ai loro apparecchi acustici.<\/strong><\/p>\n<h2><\/h2>\n<h2><strong>Quali cambiamenti notano gli portatori di apparecchi acustici?<\/strong><\/h2>\n<p><strong>I portatori di apparecchi acustici hanno riferito:<\/strong><\/p>\n<ul>\n<li>un aumento del senso di controllo e di indipendenza<\/li>\n<li>il miglioramento dell&#8217;umore e la riduzione delle conseguenze emotive negative della perdita dell&#8217;udito come la depressione e l&#8217;ansia<\/li>\n<li>relazioni pi\u00f9 intense con i propri cari e un ridotto isolamento sociale<\/li>\n<li>l\u2019aumento della redditivit\u00e0, grazie ad una maggiore produttivit\u00e0 sul posto di lavoro.<\/li>\n<\/ul>\n<h2><\/h2>\n<h2><strong>Quali sono le conseguenze di un&#8217;ipoacusia non trattata?<\/strong><\/h2>\n<p>Un udito migliore significa una vita migliore. Per questo trascurare una perdita uditiva, senza provare a trattarla, pu\u00f2 avere un impatto negativo sulla qualit\u00e0 della vita. L&#8217;impatto non si limita infatti al perdere qualche parola nelle conversazioni e a dover chiedere costantemente alle persone di ripetere ci\u00f2 che dicono. L&#8217;incapacit\u00e0 di sentire chiaramente le parole pu\u00f2 influenzare negativamente la tua vita familiare, sociale e lavorativa, oltre a danneggiare il tuo stato di salute generale.<\/p>\n<p>&nbsp;<\/p>\n<h2><strong>Non esitare ad iniziare il tuo viaggio verso un udito migliore!<\/strong><\/h2>\n<p>Bonus \u00e8 al tuo fianco per aiutarti a fare il primo passo verso un udito migliore.<\/p>\n<p>Puoi verificare la qualit\u00e0 del tuo udito dal comfort e dalla sicurezza di casa tua con il nostro <a href=\"https:\/\/apparecchiacustici-slovenia.com\/test-sluha-2\/\" rel=\"nofollow noopener\" target=\"_blank\"><strong>test dell&#8217;udito online veloce e gratuito<\/strong><\/a> o iscriviti per un test dell&#8217;udito gratuito presso <strong><a href=\"https:\/\/apparecchiacustici-slovenia.com\/kontakt\/\" rel=\"nofollow noopener\" target=\"_blank\">la filiale Bonus.<\/a><\/strong><\/p>\n<p>Uno dei nostri professionisti dell&#8217;udito eseguir\u00e0 quindi un esame completo, valuter\u00e0 il grado della tua perdita uditiva e discuter\u00e0 con te le opzioni di trattamento.<\/p>\n<p>&nbsp;<\/p>\n","protected":false},"excerpt":{"rendered":"<p>Crediamo che affrontare la perdita uditiva sia un lavoro di squadra. Per questo vogliamo supportarti in questo percorso stressante e impegnativo. Se sospetti o ti \u00e8 stata diagnosticata una perdita uditiva, la buona notizia \u00e8 che Beltone \u00e8 qui per sostenerti nel tuo viaggio verso un udito migliore. Sentire cosa viene detto e cosa succede [&hellip;]<\/p>\n","protected":false},"author":3,"featured_media":3298,"comment_status":"closed","ping_status":"closed","sticky":false,"template":"","format":"standard","meta":{"footnotes":""},"categories":[41],"tags":[],"class_list":["post-3303","post","type-post","status-publish","format-standard","has-post-thumbnail","hentry","category-non-categorizzato"],"_links":{"self":[{"href":"https:\/\/slusniaparati-beltone.si\/it\/wp-json\/wp\/v2\/posts\/3303","targetHints":{"allow":["GET"]}}],"collection":[{"href":"https:\/\/slusniaparati-beltone.si\/it\/wp-json\/wp\/v2\/posts"}],"about":[{"href":"https:\/\/slusniaparati-beltone.si\/it\/wp-json\/wp\/v2\/types\/post"}],"author":[{"embeddable":true,"href":"https:\/\/slusniaparati-beltone.si\/it\/wp-json\/wp\/v2\/users\/3"}],"replies":[{"embeddable":true,"href":"https:\/\/slusniaparati-beltone.si\/it\/wp-json\/wp\/v2\/comments?post=3303"}],"version-history":[{"count":4,"href":"https:\/\/slusniaparati-beltone.si\/it\/wp-json\/wp\/v2\/posts\/3303\/revisions"}],"predecessor-version":[{"id":3307,"href":"https:\/\/slusniaparati-beltone.si\/it\/wp-json\/wp\/v2\/posts\/3303\/revisions\/3307"}],"wp:featuredmedia":[{"embeddable":true,"href":"https:\/\/slusniaparati-beltone.si\/it\/wp-json\/wp\/v2\/media\/3298"}],"wp:attachment":[{"href":"https:\/\/slusniaparati-beltone.si\/it\/wp-json\/wp\/v2\/media?parent=3303"}],"wp:term":[{"taxonomy":"category","embeddable":true,"href":"https:\/\/slusniaparati-beltone.si\/it\/wp-json\/wp\/v2\/categories?post=3303"},{"taxonomy":"post_tag","embeddable":true,"href":"https:\/\/slusniaparati-beltone.si\/it\/wp-json\/wp\/v2\/tags?post=3303"}],"curies":[{"name":"wp","href":"https:\/\/api.w.org\/{rel}","templated":true}]}}